{"id":162,"date":"2021-09-17T08:42:30","date_gmt":"2021-09-17T06:42:30","guid":{"rendered":"https:\/\/fpedas.uniza.sk\/~pumbb\/?p=162"},"modified":"2021-09-17T10:45:52","modified_gmt":"2021-09-17T08:45:52","slug":"zbierali-sme-podnety-na-zlepsenie-dopravy-priamo-v-uliciach-banskej-bystrice","status":"publish","type":"post","link":"https:\/\/fpedas.uniza.sk\/~pumbb\/2021\/09\/17\/zbierali-sme-podnety-na-zlepsenie-dopravy-priamo-v-uliciach-banskej-bystrice\/","title":{"rendered":"Zbierali sme podnety na zlep\u0161enie dopravy priamo v uliciach Banskej Bystrice"},"content":{"rendered":"\n<p>Vo \u0161tvrtok 16.9 sa na vybran\u00fdch 5 lokalit\u00e1ch uskuto\u010dnil zber podnetov od obyvate\u013eov Banskej Bystrice. Boli zozbieran\u00e9 desiatky podnetov t\u00fdkaj\u00face sa \u010di u\u017e chodn\u00edkov, ciest, nebezpe\u010dn\u00fdch lokal\u00edt, priechodov pre chodcov, mestskej hromadnej dopravy a pod. Obyvatelia sa \u017eivo zauj\u00edmali o rie\u0161enie dopravy, pri\u010dom diskutovali a navrhovali aj svoje rie\u0161enia a n\u00e1pady. Z\u00e1rove\u0148 si mohli pozrie\u0165 aj doteraj\u0161ie zozbieran\u00e9 podnety ako aj doteraj\u0161ie hodnotenie vybran\u00fdch oblast\u00ed v doprave.<\/p>\n\n\n\n<p>Okrem obyvate\u013eov pri\u0161iel podiskutova\u0165 aj prim\u00e1tor Banskej Bystrice J\u00e1n Nosko.<\/p>\n\n\n\n<p>Pripomienky sa n\u00e1sledn\u00e9 zapracuj\u00fa do analytickej \u010dasti a bud\u00fa sl\u00fa\u017ei\u0165 ako podkladov\u00e1 \u010das\u0165 v r\u00e1mci Pl\u00e1nu udr\u017eate\u013enej mobility funk\u010dn\u00e9ho \u00fazemia mesta Bansk\u00e1 Bystrica.<\/p>\n\n\n\n<p>Pre t\u00fdch,ktor\u00ed sa nemohli z\u00fa\u010dastni\u0165 osobne, e\u0161te st\u00e1le existuje mo\u017enos\u0165 zapojenia cez online dotazn\u00edk:<\/p>\n\n\n\n<figure class=\"wp-block-embed is-type-wp-embed is-provider-plan-udrzatelnej-mobility-banska-bystrica wp-block-embed-plan-udrzatelnej-mobility-banska-bystrica\"><div class=\"wp-block-embed__wrapper\">\n<blockquote class=\"wp-embedded-content\" data-secret=\"aiGRsxCE48\"><a href=\"https:\/\/fpedas.uniza.sk\/~pumbb\/zapoj-sa\/\">Zapoj sa!<\/a><\/blockquote><iframe class=\"wp-embedded-content\" sandbox=\"allow-scripts\" security=\"restricted\" style=\"position: absolute; clip: rect(1px, 1px, 1px, 1px);\" title=\"&#8220;Zapoj sa!&#8221; &#8212; Pl\u00e1n udr\u017eate\u013enej mobility Bansk\u00e1 Bystrica\" src=\"https:\/\/fpedas.uniza.sk\/~pumbb\/zapoj-sa\/embed\/#?secret=aiGRsxCE48\" data-secret=\"aiGRsxCE48\" width=\"580\" height=\"327\" frameborder=\"0\" marginwidth=\"0\" marginheight=\"0\" scrolling=\"no\"><\/iframe>\n<\/div><\/figure>\n\n\n\n<figure class=\"wp-block-gallery columns-3 is-cropped wp-block-gallery-1 is-layout-flex wp-block-gallery-is-layout-flex\"><ul class=\"blocks-gallery-grid\"><li class=\"blocks-gallery-item\"><figure><img loading=\"lazy\" decoding=\"async\" width=\"960\" height=\"721\" src=\"https:\/\/fpedas.uniza.sk\/~pumbb\/wp-content\/uploads\/2021\/09\/242025648_569055384217162_2423284355805145876_n.jpg\" alt=\"\" data-id=\"170\" data-full-url=\"https:\/\/fpedas.uniza.sk\/~pumbb\/wp-content\/uploads\/2021\/09\/242025648_569055384217162_2423284355805145876_n.jpg\" data-link=\"https:\/\/fpedas.uniza.sk\/~pumbb\/2021\/09\/17\/zbierali-sme-podnety-na-zlepsenie-dopravy-priamo-v-uliciach-banskej-bystrice\/242025648_569055384217162_2423284355805145876_n\/\" class=\"wp-image-170\" srcset=\"https:\/\/fpedas.uniza.sk\/~pumbb\/wp-content\/uploads\/2021\/09\/242025648_569055384217162_2423284355805145876_n.jpg 960w, https:\/\/fpedas.uniza.sk\/~pumbb\/wp-content\/uploads\/2021\/09\/242025648_569055384217162_2423284355805145876_n-300x225.jpg 300w, https:\/\/fpedas.uniza.sk\/~pumbb\/wp-content\/uploads\/2021\/09\/242025648_569055384217162_2423284355805145876_n-768x577.jpg 768w\" sizes=\"(max-width: 960px) 100vw, 960px\" \/><\/figure><\/li><li class=\"blocks-gallery-item\"><figure><img loading=\"lazy\" decoding=\"async\" width=\"960\" height=\"720\" src=\"https:\/\/fpedas.uniza.sk\/~pumbb\/wp-content\/uploads\/2021\/09\/242042059_1164300120724134_6699069849721819808_n.jpg\" alt=\"\" data-id=\"171\" data-full-url=\"https:\/\/fpedas.uniza.sk\/~pumbb\/wp-content\/uploads\/2021\/09\/242042059_1164300120724134_6699069849721819808_n.jpg\" data-link=\"https:\/\/fpedas.uniza.sk\/~pumbb\/2021\/09\/17\/zbierali-sme-podnety-na-zlepsenie-dopravy-priamo-v-uliciach-banskej-bystrice\/242042059_1164300120724134_6699069849721819808_n\/\" class=\"wp-image-171\" srcset=\"https:\/\/fpedas.uniza.sk\/~pumbb\/wp-content\/uploads\/2021\/09\/242042059_1164300120724134_6699069849721819808_n.jpg 960w, https:\/\/fpedas.uniza.sk\/~pumbb\/wp-content\/uploads\/2021\/09\/242042059_1164300120724134_6699069849721819808_n-300x225.jpg 300w, https:\/\/fpedas.uniza.sk\/~pumbb\/wp-content\/uploads\/2021\/09\/242042059_1164300120724134_6699069849721819808_n-768x576.jpg 768w\" sizes=\"(max-width: 960px) 100vw, 960px\" \/><\/figure><\/li><li class=\"blocks-gallery-item\"><figure><img loading=\"lazy\" decoding=\"async\" width=\"960\" height=\"720\" src=\"https:\/\/fpedas.uniza.sk\/~pumbb\/wp-content\/uploads\/2021\/09\/242049331_219269640249237_2074195065978967946_n.jpg\" alt=\"\" data-id=\"172\" data-full-url=\"https:\/\/fpedas.uniza.sk\/~pumbb\/wp-content\/uploads\/2021\/09\/242049331_219269640249237_2074195065978967946_n.jpg\" data-link=\"https:\/\/fpedas.uniza.sk\/~pumbb\/2021\/09\/17\/zbierali-sme-podnety-na-zlepsenie-dopravy-priamo-v-uliciach-banskej-bystrice\/242049331_219269640249237_2074195065978967946_n\/\" class=\"wp-image-172\" srcset=\"https:\/\/fpedas.uniza.sk\/~pumbb\/wp-content\/uploads\/2021\/09\/242049331_219269640249237_2074195065978967946_n.jpg 960w, https:\/\/fpedas.uniza.sk\/~pumbb\/wp-content\/uploads\/2021\/09\/242049331_219269640249237_2074195065978967946_n-300x225.jpg 300w, https:\/\/fpedas.uniza.sk\/~pumbb\/wp-content\/uploads\/2021\/09\/242049331_219269640249237_2074195065978967946_n-768x576.jpg 768w\" sizes=\"(max-width: 960px) 100vw, 960px\" \/><\/figure><\/li><li class=\"blocks-gallery-item\"><figure><img loading=\"lazy\" decoding=\"async\" width=\"960\" height=\"721\" src=\"https:\/\/fpedas.uniza.sk\/~pumbb\/wp-content\/uploads\/2021\/09\/242051531_277772647267611_5507744667893883863_n.jpg\" alt=\"\" data-id=\"173\" data-full-url=\"https:\/\/fpedas.uniza.sk\/~pumbb\/wp-content\/uploads\/2021\/09\/242051531_277772647267611_5507744667893883863_n.jpg\" data-link=\"https:\/\/fpedas.uniza.sk\/~pumbb\/2021\/09\/17\/zbierali-sme-podnety-na-zlepsenie-dopravy-priamo-v-uliciach-banskej-bystrice\/242051531_277772647267611_5507744667893883863_n\/\" class=\"wp-image-173\" srcset=\"https:\/\/fpedas.uniza.sk\/~pumbb\/wp-content\/uploads\/2021\/09\/242051531_277772647267611_5507744667893883863_n.jpg 960w, https:\/\/fpedas.uniza.sk\/~pumbb\/wp-content\/uploads\/2021\/09\/242051531_277772647267611_5507744667893883863_n-300x225.jpg 300w, https:\/\/fpedas.uniza.sk\/~pumbb\/wp-content\/uploads\/2021\/09\/242051531_277772647267611_5507744667893883863_n-768x577.jpg 768w\" sizes=\"(max-width: 960px) 100vw, 960px\" \/><\/figure><\/li><li class=\"blocks-gallery-item\"><figure><img loading=\"lazy\" decoding=\"async\" width=\"1024\" height=\"1024\" src=\"https:\/\/fpedas.uniza.sk\/~pumbb\/wp-content\/uploads\/2021\/09\/242057283_10223827915739720_1267129796054064376_n-1-1024x1024.jpg\" alt=\"\" data-id=\"174\" data-full-url=\"https:\/\/fpedas.uniza.sk\/~pumbb\/wp-content\/uploads\/2021\/09\/242057283_10223827915739720_1267129796054064376_n-1.jpg\" data-link=\"https:\/\/fpedas.uniza.sk\/~pumbb\/2021\/09\/17\/zbierali-sme-podnety-na-zlepsenie-dopravy-priamo-v-uliciach-banskej-bystrice\/242057283_10223827915739720_1267129796054064376_n-1\/\" class=\"wp-image-174\" srcset=\"https:\/\/fpedas.uniza.sk\/~pumbb\/wp-content\/uploads\/2021\/09\/242057283_10223827915739720_1267129796054064376_n-1-1024x1024.jpg 1024w, https:\/\/fpedas.uniza.sk\/~pumbb\/wp-content\/uploads\/2021\/09\/242057283_10223827915739720_1267129796054064376_n-1-300x300.jpg 300w, https:\/\/fpedas.uniza.sk\/~pumbb\/wp-content\/uploads\/2021\/09\/242057283_10223827915739720_1267129796054064376_n-1-150x150.jpg 150w, https:\/\/fpedas.uniza.sk\/~pumbb\/wp-content\/uploads\/2021\/09\/242057283_10223827915739720_1267129796054064376_n-1-768x768.jpg 768w, https:\/\/fpedas.uniza.sk\/~pumbb\/wp-content\/uploads\/2021\/09\/242057283_10223827915739720_1267129796054064376_n-1-1200x1200.jpg 1200w, https:\/\/fpedas.uniza.sk\/~pumbb\/wp-content\/uploads\/2021\/09\/242057283_10223827915739720_1267129796054064376_n-1.jpg 1440w\" sizes=\"(max-width: 1024px) 100vw, 1024px\" \/><\/figure><\/li><li class=\"blocks-gallery-item\"><figure><img loading=\"lazy\" decoding=\"async\" width=\"960\" height=\"720\" src=\"https:\/\/fpedas.uniza.sk\/~pumbb\/wp-content\/uploads\/2021\/09\/242127343_2686656214965348_3397069212881379308_n.jpg\" alt=\"\" data-id=\"175\" data-full-url=\"https:\/\/fpedas.uniza.sk\/~pumbb\/wp-content\/uploads\/2021\/09\/242127343_2686656214965348_3397069212881379308_n.jpg\" data-link=\"https:\/\/fpedas.uniza.sk\/~pumbb\/2021\/09\/17\/zbierali-sme-podnety-na-zlepsenie-dopravy-priamo-v-uliciach-banskej-bystrice\/242127343_2686656214965348_3397069212881379308_n\/\" class=\"wp-image-175\" srcset=\"https:\/\/fpedas.uniza.sk\/~pumbb\/wp-content\/uploads\/2021\/09\/242127343_2686656214965348_3397069212881379308_n.jpg 960w, https:\/\/fpedas.uniza.sk\/~pumbb\/wp-content\/uploads\/2021\/09\/242127343_2686656214965348_3397069212881379308_n-300x225.jpg 300w, https:\/\/fpedas.uniza.sk\/~pumbb\/wp-content\/uploads\/2021\/09\/242127343_2686656214965348_3397069212881379308_n-768x576.jpg 768w\" sizes=\"(max-width: 960px) 100vw, 960px\" \/><\/figure><\/li><li class=\"blocks-gallery-item\"><figure><img loading=\"lazy\" decoding=\"async\" width=\"960\" height=\"721\" src=\"https:\/\/fpedas.uniza.sk\/~pumbb\/wp-content\/uploads\/2021\/09\/242186529_375554930765618_3654431147356188004_n.jpg\" alt=\"\" data-id=\"176\" data-full-url=\"https:\/\/fpedas.uniza.sk\/~pumbb\/wp-content\/uploads\/2021\/09\/242186529_375554930765618_3654431147356188004_n.jpg\" data-link=\"https:\/\/fpedas.uniza.sk\/~pumbb\/2021\/09\/17\/zbierali-sme-podnety-na-zlepsenie-dopravy-priamo-v-uliciach-banskej-bystrice\/242186529_375554930765618_3654431147356188004_n\/\" class=\"wp-image-176\" srcset=\"https:\/\/fpedas.uniza.sk\/~pumbb\/wp-content\/uploads\/2021\/09\/242186529_375554930765618_3654431147356188004_n.jpg 960w, https:\/\/fpedas.uniza.sk\/~pumbb\/wp-content\/uploads\/2021\/09\/242186529_375554930765618_3654431147356188004_n-300x225.jpg 300w, https:\/\/fpedas.uniza.sk\/~pumbb\/wp-content\/uploads\/2021\/09\/242186529_375554930765618_3654431147356188004_n-768x577.jpg 768w\" sizes=\"(max-width: 960px) 100vw, 960px\" \/><\/figure><\/li><li class=\"blocks-gallery-item\"><figure><img loading=\"lazy\" decoding=\"async\" width=\"1024\" height=\"576\" src=\"https:\/\/fpedas.uniza.sk\/~pumbb\/wp-content\/uploads\/2021\/09\/IMG_20210916_145127-1024x576.jpg\" alt=\"\" data-id=\"177\" data-full-url=\"https:\/\/fpedas.uniza.sk\/~pumbb\/wp-content\/uploads\/2021\/09\/IMG_20210916_145127-scaled.jpg\" data-link=\"https:\/\/fpedas.uniza.sk\/~pumbb\/2021\/09\/17\/zbierali-sme-podnety-na-zlepsenie-dopravy-priamo-v-uliciach-banskej-bystrice\/img_20210916_145127\/\" class=\"wp-image-177\" srcset=\"https:\/\/fpedas.uniza.sk\/~pumbb\/wp-content\/uploads\/2021\/09\/IMG_20210916_145127-1024x576.jpg 1024w, https:\/\/fpedas.uniza.sk\/~pumbb\/wp-content\/uploads\/2021\/09\/IMG_20210916_145127-300x169.jpg 300w, https:\/\/fpedas.uniza.sk\/~pumbb\/wp-content\/uploads\/2021\/09\/IMG_20210916_145127-768x432.jpg 768w, https:\/\/fpedas.uniza.sk\/~pumbb\/wp-content\/uploads\/2021\/09\/IMG_20210916_145127-1536x864.jpg 1536w, https:\/\/fpedas.uniza.sk\/~pumbb\/wp-content\/uploads\/2021\/09\/IMG_20210916_145127-2048x1152.jpg 2048w, https:\/\/fpedas.uniza.sk\/~pumbb\/wp-content\/uploads\/2021\/09\/IMG_20210916_145127-1200x675.jpg 1200w, https:\/\/fpedas.uniza.sk\/~pumbb\/wp-content\/uploads\/2021\/09\/IMG_20210916_145127-1980x1114.jpg 1980w\" sizes=\"(max-width: 1024px) 100vw, 1024px\" \/><\/figure><\/li><li class=\"blocks-gallery-item\"><figure><img loading=\"lazy\" decoding=\"async\" width=\"1024\" height=\"576\" src=\"https:\/\/fpedas.uniza.sk\/~pumbb\/wp-content\/uploads\/2021\/09\/IMG_20210916_145914-1024x576.jpg\" alt=\"\" data-id=\"178\" data-full-url=\"https:\/\/fpedas.uniza.sk\/~pumbb\/wp-content\/uploads\/2021\/09\/IMG_20210916_145914-scaled.jpg\" data-link=\"https:\/\/fpedas.uniza.sk\/~pumbb\/2021\/09\/17\/zbierali-sme-podnety-na-zlepsenie-dopravy-priamo-v-uliciach-banskej-bystrice\/img_20210916_145914\/\" class=\"wp-image-178\" srcset=\"https:\/\/fpedas.uniza.sk\/~pumbb\/wp-content\/uploads\/2021\/09\/IMG_20210916_145914-1024x576.jpg 1024w, https:\/\/fpedas.uniza.sk\/~pumbb\/wp-content\/uploads\/2021\/09\/IMG_20210916_145914-300x169.jpg 300w, https:\/\/fpedas.uniza.sk\/~pumbb\/wp-content\/uploads\/2021\/09\/IMG_20210916_145914-768x432.jpg 768w, https:\/\/fpedas.uniza.sk\/~pumbb\/wp-content\/uploads\/2021\/09\/IMG_20210916_145914-1536x864.jpg 1536w, https:\/\/fpedas.uniza.sk\/~pumbb\/wp-content\/uploads\/2021\/09\/IMG_20210916_145914-2048x1152.jpg 2048w, https:\/\/fpedas.uniza.sk\/~pumbb\/wp-content\/uploads\/2021\/09\/IMG_20210916_145914-1200x675.jpg 1200w, https:\/\/fpedas.uniza.sk\/~pumbb\/wp-content\/uploads\/2021\/09\/IMG_20210916_145914-1980x1114.jpg 1980w\" sizes=\"(max-width: 1024px) 100vw, 1024px\" \/><\/figure><\/li><\/ul><\/figure>\n<p>Hits: 154<\/p>","protected":false},"excerpt":{"rendered":"<p>Vo \u0161tvrtok 16.9 sa na vybran\u00fdch 5 lokalit\u00e1ch uskuto\u010dnil zber podnetov od obyvate\u013eov Banskej Bystrice. Boli zozbieran\u00e9 desiatky podnetov t\u00fdkaj\u00face sa \u010di u\u017e chodn\u00edkov, ciest, nebezpe\u010dn\u00fdch lokal\u00edt, priechodov pre chodcov, mestskej hromadnej dopravy a pod. Obyvatelia sa \u017eivo zauj\u00edmali o rie\u0161enie dopravy, pri\u010dom diskutovali a navrhovali aj svoje rie\u0161enia a n\u00e1pady. Z\u00e1rove\u0148 si mohli pozrie\u0165 [&hellip;]<\/p>\n","protected":false},"author":1,"featured_media":166,"comment_status":"open","ping_status":"open","sticky":false,"template":"","format":"standard","meta":{"footnotes":""},"categories":[2,13,4],"tags":[],"_links":{"self":[{"href":"https:\/\/fpedas.uniza.sk\/~pumbb\/wp-json\/wp\/v2\/posts\/162"}],"collection":[{"href":"https:\/\/fpedas.uniza.sk\/~pumbb\/wp-json\/wp\/v2\/posts"}],"about":[{"href":"https:\/\/fpedas.uniza.sk\/~pumbb\/wp-json\/wp\/v2\/types\/post"}],"author":[{"embeddable":true,"href":"https:\/\/fpedas.uniza.sk\/~pumbb\/wp-json\/wp\/v2\/users\/1"}],"replies":[{"embeddable":true,"href":"https:\/\/fpedas.uniza.sk\/~pumbb\/wp-json\/wp\/v2\/comments?post=162"}],"version-history":[{"count":7,"href":"https:\/\/fpedas.uniza.sk\/~pumbb\/wp-json\/wp\/v2\/posts\/162\/revisions"}],"predecessor-version":[{"id":180,"href":"https:\/\/fpedas.uniza.sk\/~pumbb\/wp-json\/wp\/v2\/posts\/162\/revisions\/180"}],"wp:featuredmedia":[{"embeddable":true,"href":"https:\/\/fpedas.uniza.sk\/~pumbb\/wp-json\/wp\/v2\/media\/166"}],"wp:attachment":[{"href":"https:\/\/fpedas.uniza.sk\/~pumbb\/wp-json\/wp\/v2\/media?parent=162"}],"wp:term":[{"taxonomy":"category","embeddable":true,"href":"https:\/\/fpedas.uniza.sk\/~pumbb\/wp-json\/wp\/v2\/categories?post=162"},{"taxonomy":"post_tag","embeddable":true,"href":"https:\/\/fpedas.uniza.sk\/~pumbb\/wp-json\/wp\/v2\/tags?post=162"}],"curies":[{"name":"wp","href":"https:\/\/api.w.org\/{rel}","templated":true}]}}