{"id":288,"date":"2022-08-22T20:15:58","date_gmt":"2022-08-22T18:15:58","guid":{"rendered":"https:\/\/fpedas.uniza.sk\/~pumbb\/?p=288"},"modified":"2022-08-22T20:17:47","modified_gmt":"2022-08-22T18:17:47","slug":"verejne-prerokovanie-planu-udrzatelnej-mobility","status":"publish","type":"post","link":"https:\/\/fpedas.uniza.sk\/~pumbb\/2022\/08\/22\/verejne-prerokovanie-planu-udrzatelnej-mobility\/","title":{"rendered":"Verejn\u00e9 prerokovanie Pl\u00e1nu udr\u017eate\u013enej mobility"},"content":{"rendered":"\n<p>D\u0148a 17.8.2022 prebehlo v priestoroch radnice v Banskej Bystrici verejn\u00e9 prerokovanie Pl\u00e1nu udr\u017eate\u013enej mobility funk\u010dn\u00e9ho \u00fazemia krajsk\u00e9ho mesta Bansk\u00e1 Bystrica (PUM). Na stretnut\u00ed boli ob\u010danom predstaven\u00e9 v\u00fdstupy PUMu, pri\u010dom po prezent\u00e1cii bola diskusia k danej problematike. Pripomienky bud\u00fa zapracovan\u00e9 do fin\u00e1lnej verzie.<\/p>\n\n\n\n<figure class=\"wp-block-image size-large\"><img loading=\"lazy\" decoding=\"async\" width=\"1024\" height=\"769\" src=\"https:\/\/fpedas.uniza.sk\/~pumbb\/wp-content\/uploads\/2022\/08\/IMG_20220817_180156-1024x769.jpg\" alt=\"\" class=\"wp-image-290\" srcset=\"https:\/\/fpedas.uniza.sk\/~pumbb\/wp-content\/uploads\/2022\/08\/IMG_20220817_180156-1024x769.jpg 1024w, https:\/\/fpedas.uniza.sk\/~pumbb\/wp-content\/uploads\/2022\/08\/IMG_20220817_180156-300x225.jpg 300w, https:\/\/fpedas.uniza.sk\/~pumbb\/wp-content\/uploads\/2022\/08\/IMG_20220817_180156-768x577.jpg 768w, https:\/\/fpedas.uniza.sk\/~pumbb\/wp-content\/uploads\/2022\/08\/IMG_20220817_180156-1536x1153.jpg 1536w, https:\/\/fpedas.uniza.sk\/~pumbb\/wp-content\/uploads\/2022\/08\/IMG_20220817_180156-2048x1538.jpg 2048w, https:\/\/fpedas.uniza.sk\/~pumbb\/wp-content\/uploads\/2022\/08\/IMG_20220817_180156-1200x901.jpg 1200w, https:\/\/fpedas.uniza.sk\/~pumbb\/wp-content\/uploads\/2022\/08\/IMG_20220817_180156-1980x1487.jpg 1980w\" sizes=\"(max-width: 1024px) 100vw, 1024px\" \/><\/figure>\n\n\n\n<figure class=\"wp-block-image size-large\"><img loading=\"lazy\" decoding=\"async\" width=\"1024\" height=\"769\" src=\"https:\/\/fpedas.uniza.sk\/~pumbb\/wp-content\/uploads\/2022\/08\/IMG_20220817_182452-1024x769.jpg\" alt=\"\" class=\"wp-image-291\" srcset=\"https:\/\/fpedas.uniza.sk\/~pumbb\/wp-content\/uploads\/2022\/08\/IMG_20220817_182452-1024x769.jpg 1024w, https:\/\/fpedas.uniza.sk\/~pumbb\/wp-content\/uploads\/2022\/08\/IMG_20220817_182452-300x225.jpg 300w, https:\/\/fpedas.uniza.sk\/~pumbb\/wp-content\/uploads\/2022\/08\/IMG_20220817_182452-768x577.jpg 768w, https:\/\/fpedas.uniza.sk\/~pumbb\/wp-content\/uploads\/2022\/08\/IMG_20220817_182452-1536x1153.jpg 1536w, https:\/\/fpedas.uniza.sk\/~pumbb\/wp-content\/uploads\/2022\/08\/IMG_20220817_182452-2048x1538.jpg 2048w, https:\/\/fpedas.uniza.sk\/~pumbb\/wp-content\/uploads\/2022\/08\/IMG_20220817_182452-1200x901.jpg 1200w, https:\/\/fpedas.uniza.sk\/~pumbb\/wp-content\/uploads\/2022\/08\/IMG_20220817_182452-1980x1487.jpg 1980w\" sizes=\"(max-width: 1024px) 100vw, 1024px\" \/><\/figure>\n\n\n\n<p>Pripomienkovanie trv\u00e1 do 4.9.2022.<\/p>\n<p>Hits: 100<\/p>","protected":false},"excerpt":{"rendered":"<p>D\u0148a 17.8.2022 prebehlo v priestoroch radnice v Banskej Bystrici verejn\u00e9 prerokovanie Pl\u00e1nu udr\u017eate\u013enej mobility funk\u010dn\u00e9ho \u00fazemia krajsk\u00e9ho mesta Bansk\u00e1 Bystrica (PUM). Na stretnut\u00ed boli ob\u010danom predstaven\u00e9 v\u00fdstupy PUMu, pri\u010dom po prezent\u00e1cii bola diskusia k danej problematike. Pripomienky bud\u00fa zapracovan\u00e9 do fin\u00e1lnej verzie. Pripomienkovanie trv\u00e1 do 4.9.2022. Hits: 100<\/p>\n","protected":false},"author":1,"featured_media":290,"comment_status":"open","ping_status":"open","sticky":false,"template":"","format":"standard","meta":{"footnotes":""},"categories":[2,13,5,4],"tags":[],"_links":{"self":[{"href":"https:\/\/fpedas.uniza.sk\/~pumbb\/wp-json\/wp\/v2\/posts\/288"}],"collection":[{"href":"https:\/\/fpedas.uniza.sk\/~pumbb\/wp-json\/wp\/v2\/posts"}],"about":[{"href":"https:\/\/fpedas.uniza.sk\/~pumbb\/wp-json\/wp\/v2\/types\/post"}],"author":[{"embeddable":true,"href":"https:\/\/fpedas.uniza.sk\/~pumbb\/wp-json\/wp\/v2\/users\/1"}],"replies":[{"embeddable":true,"href":"https:\/\/fpedas.uniza.sk\/~pumbb\/wp-json\/wp\/v2\/comments?post=288"}],"version-history":[{"count":2,"href":"https:\/\/fpedas.uniza.sk\/~pumbb\/wp-json\/wp\/v2\/posts\/288\/revisions"}],"predecessor-version":[{"id":292,"href":"https:\/\/fpedas.uniza.sk\/~pumbb\/wp-json\/wp\/v2\/posts\/288\/revisions\/292"}],"wp:featuredmedia":[{"embeddable":true,"href":"https:\/\/fpedas.uniza.sk\/~pumbb\/wp-json\/wp\/v2\/media\/290"}],"wp:attachment":[{"href":"https:\/\/fpedas.uniza.sk\/~pumbb\/wp-json\/wp\/v2\/media?parent=288"}],"wp:term":[{"taxonomy":"category","embeddable":true,"href":"https:\/\/fpedas.uniza.sk\/~pumbb\/wp-json\/wp\/v2\/categories?post=288"},{"taxonomy":"post_tag","embeddable":true,"href":"https:\/\/fpedas.uniza.sk\/~pumbb\/wp-json\/wp\/v2\/tags?post=288"}],"curies":[{"name":"wp","href":"https:\/\/api.w.org\/{rel}","templated":true}]}}