{"id":35,"date":"2021-03-11T09:42:33","date_gmt":"2021-03-11T08:42:33","guid":{"rendered":"https:\/\/fpedas.uniza.sk\/~pumbb\/?p=35"},"modified":"2021-05-11T13:03:53","modified_gmt":"2021-05-11T11:03:53","slug":"preco-banska-bystrica-potrebuje-plan-udrzatelnej-mobility","status":"publish","type":"post","link":"https:\/\/fpedas.uniza.sk\/~pumbb\/2021\/03\/11\/preco-banska-bystrica-potrebuje-plan-udrzatelnej-mobility\/","title":{"rendered":"Pre\u010do Bansk\u00e1 Bystrica potrebuje pl\u00e1n udr\u017eate\u013enej mobility?"},"content":{"rendered":"\n<p>Ako bud\u00fa vyzera\u0165 na\u0161e s\u00eddlisk\u00e1 o 20 rokov ? Bud\u00fa v\u0161ade na zeleni parkova\u0165 automobily ? Mus\u00edm ma\u0165 iba osobn\u00fd automobil, aby som sa premiest\u0148oval po meste ? \u010co mi vie pon\u00faknu\u0165 verejn\u00e1 osobn\u00e1 doprava do bud\u00facnosti? Budem raz cestova\u0165 na jeden l\u00edstok po celom regi\u00f3ne? Ak\u00e9 prostredie vytvor\u00edme pre na\u0161e deti? Bud\u00fa sa vedie\u0165 hra\u0165 na ulici alebo bezpe\u010dne pohybova\u0165 na ulici po meste? Ako mysl\u00edme na zdravotne postihnut\u00fdch? M\u00e1me v\u0161ade bezbari\u00e9rov\u00e9 chodn\u00edky, aby sa mohli akt\u00edvne zap\u00e1ja\u0165 do \u017eivota,alebo bud\u00fa sedie\u0165  iba doma?<\/p>\n\n\n\n<!--more-->\n\n\n\n<p>Toto s\u00fa iba kr\u00e1tke uk\u00e1\u017eky ot\u00e1zok, na ktor\u00e9 je potrebn\u00e9 odpoveda\u0165 z poh\u013eadu mobility a nastavenia dopravn\u00e9ho syst\u00e9mu v Banskej Bystrici a jeho okol\u00ed.<\/p>\n\n\n\n<p>Samotn\u00e9 probl\u00e9my a \u0165a\u017ekosti v oblasti dopravy a mobility sa nevyrie\u0161ia sam\u00e9 od seba. Je nutn\u00e9 sa na zmeny d\u00f4sledne pripravi\u0165 a napl\u00e1nova\u0165 v\u00fdh\u013eadov\u00fd stav, ktor\u00fd by bol akceptovan\u00fd pre v\u0161etky skupiny obyvate\u013estva.<\/p>\n\n\n\n<p>Z tohto d\u00f4vodu Bansk\u00e1 Bystrica a okolit\u00e9 obce potrebuj\u00fa dobr\u00fd pl\u00e1n ako rie\u0161i\u0165 dopravu do bud\u00facnosti.<\/p>\n\n\n\n<p>M\u00fadre mest\u00e1m, ktor\u00e9 sa vydali na cestu postupn\u00e9ho zlep\u0161ovania kvality \u017eivota v meste, pomohlo pr\u00e1ve d\u00f4sledn\u00e9 nap\u013a\u0148anie opatren\u00ed v strategick\u00fdch dokumentoch, ktor\u00fdmi pl\u00e1ny udr\u017eate\u013enej mobility s\u00fa.<\/p>\n\n\n\n<p>Preto v\u00e1s poz\u00fdvame z\u00fa\u010dastni\u0165 sa tohto procesu vytv\u00e1rania spolo\u010dn\u00e9ho pl\u00e1nu mobility, ktor\u00fd bude myslie\u0165, \u010di u\u017e na deti, mlad\u00fdch, star\u00fdch, skr\u00e1tka ka\u017ed\u00e9ho.<\/p>\n<p>Hits: 129<\/p>","protected":false},"excerpt":{"rendered":"<p>Ako bud\u00fa vyzera\u0165 na\u0161e s\u00eddlisk\u00e1 o 20 rokov ? Bud\u00fa v\u0161ade na zeleni parkova\u0165 automobily ? Mus\u00edm ma\u0165 iba osobn\u00fd automobil, aby som sa premiest\u0148oval po meste ? \u010co mi vie pon\u00faknu\u0165 verejn\u00e1 osobn\u00e1 doprava do bud\u00facnosti? Budem raz cestova\u0165 na jeden l\u00edstok po celom regi\u00f3ne? Ak\u00e9 prostredie vytvor\u00edme pre na\u0161e deti? Bud\u00fa sa vedie\u0165 [&hellip;]<\/p>\n","protected":false},"author":1,"featured_media":0,"comment_status":"open","ping_status":"open","sticky":false,"template":"","format":"standard","meta":{"footnotes":""},"categories":[2],"tags":[],"_links":{"self":[{"href":"https:\/\/fpedas.uniza.sk\/~pumbb\/wp-json\/wp\/v2\/posts\/35"}],"collection":[{"href":"https:\/\/fpedas.uniza.sk\/~pumbb\/wp-json\/wp\/v2\/posts"}],"about":[{"href":"https:\/\/fpedas.uniza.sk\/~pumbb\/wp-json\/wp\/v2\/types\/post"}],"author":[{"embeddable":true,"href":"https:\/\/fpedas.uniza.sk\/~pumbb\/wp-json\/wp\/v2\/users\/1"}],"replies":[{"embeddable":true,"href":"https:\/\/fpedas.uniza.sk\/~pumbb\/wp-json\/wp\/v2\/comments?post=35"}],"version-history":[{"count":5,"href":"https:\/\/fpedas.uniza.sk\/~pumbb\/wp-json\/wp\/v2\/posts\/35\/revisions"}],"predecessor-version":[{"id":91,"href":"https:\/\/fpedas.uniza.sk\/~pumbb\/wp-json\/wp\/v2\/posts\/35\/revisions\/91"}],"wp:attachment":[{"href":"https:\/\/fpedas.uniza.sk\/~pumbb\/wp-json\/wp\/v2\/media?parent=35"}],"wp:term":[{"taxonomy":"category","embeddable":true,"href":"https:\/\/fpedas.uniza.sk\/~pumbb\/wp-json\/wp\/v2\/categories?post=35"},{"taxonomy":"post_tag","embeddable":true,"href":"https:\/\/fpedas.uniza.sk\/~pumbb\/wp-json\/wp\/v2\/tags?post=35"}],"curies":[{"name":"wp","href":"https:\/\/api.w.org\/{rel}","templated":true}]}}