{"id":67,"date":"2021-05-11T11:21:06","date_gmt":"2021-05-11T09:21:06","guid":{"rendered":"https:\/\/fpedas.uniza.sk\/~pumbb\/?p=67"},"modified":"2021-05-17T16:48:43","modified_gmt":"2021-05-17T14:48:43","slug":"obyvatelstvo-v-banskej-bystrici","status":"publish","type":"post","link":"https:\/\/fpedas.uniza.sk\/~pumbb\/2021\/05\/11\/obyvatelstvo-v-banskej-bystrici\/","title":{"rendered":"Obyvate\u013estvo v Banskej Bystrici"},"content":{"rendered":"\n<p>Z poh\u013eadu dopytu po doprave je d\u00f4le\u017eit\u00fd aj trend v\u00fdvoja obyvate\u013estva. Samotn\u00e9 mesto si pre\u0161lo v\u00fdvojom,kedy sa v minulom storo\u010d\u00ed zv\u00e4\u010d\u0161il po\u010det obyvate\u013eov nieko\u013ekon\u00e1sobne, pri\u010dom najv\u00e4\u010d\u0161\u00ed po\u010det malo mesto v 90 rokoch 20 storo\u010dia. Odvtedy po\u010det obyvate\u013eov postupne kles\u00e1.<\/p>\n\n\n\n<!--more-->\n\n\n\n<p>V\u00fdvoj obyvate\u013estva medzi rokmi 1919 -2020 zn\u00e1zor\u0148uje nasleduj\u00faci graf.<\/p>\n\n\n\n<iframe loading=\"lazy\" seamless=\"\" scrolling=\"no\" src=\"https:\/\/docs.google.com\/spreadsheets\/d\/e\/2PACX-1vSb2Cz7l9Lrc7bM4hz2cBG_-A12KJ6j5TmwOcBKeNniPNpqI6mzII8hVgVkTefz6g\/pubchart?oid=85299725&amp;format=interactive\" width=\"600\" height=\"371\" frameborder=\"0\"><\/iframe>\n\n\n\n<p>zdroj: \u0160tatistick\u00fd \u00farad SR, Statistick\u00fd lexik\u00f3n obc\u00ed 1965, mesto Bansk\u00e1 Bystrica<\/p>\n\n\n\n<p>S\u00fa\u010dasn\u00fd stav rozmiestnenia obyvate\u013estva na jednotliv\u00fdch uliciach zn\u00e1zor\u0148uje nasledovn\u00fd obr\u00e1zok. Na nasledovne mape m\u00f4\u017eete vidie\u0165 rozmiestnenie obyvate\u013estva v meste Bansk\u00e1 Bystrica. Tmav\u0161ie farba zn\u00e1zor\u0148uj\u00fa v\u00e4\u010d\u0161\u00ed po\u010det obyvate\u013eov. Pre pribl\u00ed\u017eenie mapy, kliknite na mapu a pribl\u00ed\u017ete si ju.<\/p>\n\n\n\n<iframe loading=\"lazy\" src=\"https:\/\/www.google.com\/maps\/d\/embed?mid=1xJp2syZJEvC37mIG80NWspConlmqn2Op\" width=\"640\" height=\"280\"><\/iframe>\n\n\n\n<p><\/p>\n\n\n\n<p>Z poh\u013eadu v\u00fdvoja obyvate\u013estva v jednotliv\u00fdch mestsk\u00fdch \u010dastiach vid\u00edme nasledovn\u00fd v\u00fdvoj za roky 2005-2020.<\/p>\n\n\n\n<figure class=\"wp-block-table\"><table><tbody><tr><td>mestsk\u00e1 \u010das\u0165<\/td><td>2005<\/td><td>2010<\/td><td>2015<\/td><td>2020<\/td><\/tr><tr><td>Bansk\u00e1 Bystrica<\/td><td>35325<\/td><td>34656<\/td><td>34410<\/td><td>13972<\/td><\/tr><tr><td>Ilia\u0161<\/td><td>230<\/td><td>230<\/td><td>237<\/td><td>258<\/td><\/tr><tr><td>Jakub<\/td><td>649<\/td><td>660<\/td><td>652<\/td><td>630<\/td><\/tr><tr><td>Kostiviarska<\/td><td>330<\/td><td>334<\/td><td>372<\/td><td>372<\/td><\/tr><tr><td>Kr\u00e1\u013eov\u00e1<\/td><td>5734<\/td><td>5242<\/td><td>5279<\/td><td>2495<\/td><\/tr><tr><td>Kremni\u010dka<\/td><td>484<\/td><td>579<\/td><td>591<\/td><td>628<\/td><\/tr><tr><td>Majer<\/td><td>541<\/td><td>522<\/td><td>499<\/td><td>309<\/td><\/tr><tr><td>Podlavice<\/td><td>3384<\/td><td>3272<\/td><td>3157<\/td><td>3103<\/td><\/tr><tr><td>Radva\u0148<\/td><td>5925<\/td><td>5850<\/td><td>5454<\/td><td>7269<\/td><\/tr><tr><td>Rakytovce<\/td><td>563<\/td><td>625<\/td><td>767<\/td><td>912<\/td><\/tr><tr><td>Rudlov\u00e1<\/td><td>6275<\/td><td>5945<\/td><td>5680<\/td><td>5333<\/td><\/tr><tr><td>S\u00e1sov\u00e1<\/td><td>18728<\/td><td>17705<\/td><td>16727<\/td><td>15817<\/td><\/tr><tr><td>Senica<\/td><td>551<\/td><td>590<\/td><td>627<\/td><td>791<\/td><\/tr><tr><td>Skub\u00edn<\/td><td>973<\/td><td>1035<\/td><td>1025<\/td><td>1029<\/td><\/tr><tr><td>\u0160alkov\u00e1<\/td><td>1094<\/td><td>1066<\/td><td>1079<\/td><td>1101<\/td><\/tr><tr><td>U\u013eanka<\/td><td>428<\/td><td>440<\/td><td>432<\/td><td>446<\/td><\/tr><tr><td>Fon\u010dorda<\/td><td><\/td><td><\/td><td><\/td><td>17535<\/td><\/tr><tr><td>Pr\u0161ianska Terasa<\/td><td><\/td><td><\/td><td><\/td><td>746<\/td><\/tr><tr><td>Uhlisko<\/td><td><\/td><td><\/td><td><\/td><td>2997<\/td><\/tr><tr><td><\/td><td>81214<\/td><td>78751<\/td><td>76988<\/td><td>75743<\/td><\/tr><\/tbody><\/table><figcaption>zdroj:  mesto Bansk\u00e1 Bystrica<\/figcaption><\/figure>\n\n\n\n<p>Naopak, niektor\u00e9 obce v bl\u00edzkosti mesta Bansk\u00e1 Bystrica za\u017e\u00edvaj\u00fa trend postupn\u00e9ho navy\u0161ovania obyvate\u013eov, \u010do m\u00f4\u017ee s\u00favisie\u0165 s pres\u0165ahovan\u00edm obyvate\u013estva z mesta do bl\u00edzkeho okolia, najm\u00e4 z d\u00f4vodu lep\u0161ieho b\u00fdvania  podobne. Ide o tzv. proces deurbaniz\u00e1cie, ktor\u00fd je charakteristick\u00fd aj v in\u00fdch mest\u00e1ch a regi\u00f3noch Slovenska. <\/p>\n\n\n\n<p>V v\u00e4\u010d\u0161ine okolit\u00fdch obc\u00ed, ktor\u00e9 spadaj\u00fa do funk\u010dn\u00e9ho \u00fazemia mesta Bansk\u00e1 Bystrica je v\u00fdvoju opa\u010dn\u00fd.<\/p>\n\n\n\n<figure class=\"wp-block-image size-large\"><img loading=\"lazy\" decoding=\"async\" width=\"829\" height=\"371\" src=\"https:\/\/fpedas.uniza.sk\/~pumbb\/wp-content\/uploads\/2021\/05\/Vyvoj-poctu-obyvatelstva-1993-2000-2010-a-2020.png\" alt=\"\" class=\"wp-image-109\" srcset=\"https:\/\/fpedas.uniza.sk\/~pumbb\/wp-content\/uploads\/2021\/05\/Vyvoj-poctu-obyvatelstva-1993-2000-2010-a-2020.png 829w, https:\/\/fpedas.uniza.sk\/~pumbb\/wp-content\/uploads\/2021\/05\/Vyvoj-poctu-obyvatelstva-1993-2000-2010-a-2020-300x134.png 300w, https:\/\/fpedas.uniza.sk\/~pumbb\/wp-content\/uploads\/2021\/05\/Vyvoj-poctu-obyvatelstva-1993-2000-2010-a-2020-768x344.png 768w\" sizes=\"(max-width: 829px) 100vw, 829px\" \/><\/figure>\n\n\n\n<p>V\u00fdvoj obyvate\u013estva v \u010fal\u0161\u00edch obciach okresu Bansk\u00e1 Bystrica je uveden\u00fd v <a href=\"https:\/\/drive.google.com\/file\/d\/1eNunMTvTg-BGJiBRu04A8M0b5edW6U02\/view?usp=sharing\">nasledovnom odkaze<\/a>.<\/p>\n<p>Hits: 1136<\/p>","protected":false},"excerpt":{"rendered":"<p>Z poh\u013eadu dopytu po doprave je d\u00f4le\u017eit\u00fd aj trend v\u00fdvoja obyvate\u013estva. Samotn\u00e9 mesto si pre\u0161lo v\u00fdvojom,kedy sa v minulom storo\u010d\u00ed zv\u00e4\u010d\u0161il po\u010det obyvate\u013eov nieko\u013ekon\u00e1sobne, pri\u010dom najv\u00e4\u010d\u0161\u00ed po\u010det malo mesto v 90 rokoch 20 storo\u010dia. Odvtedy po\u010det obyvate\u013eov postupne kles\u00e1. Hits: 1136<\/p>\n","protected":false},"author":1,"featured_media":78,"comment_status":"open","ping_status":"open","sticky":false,"template":"","format":"standard","meta":{"footnotes":""},"categories":[2,6],"tags":[],"_links":{"self":[{"href":"https:\/\/fpedas.uniza.sk\/~pumbb\/wp-json\/wp\/v2\/posts\/67"}],"collection":[{"href":"https:\/\/fpedas.uniza.sk\/~pumbb\/wp-json\/wp\/v2\/posts"}],"about":[{"href":"https:\/\/fpedas.uniza.sk\/~pumbb\/wp-json\/wp\/v2\/types\/post"}],"author":[{"embeddable":true,"href":"https:\/\/fpedas.uniza.sk\/~pumbb\/wp-json\/wp\/v2\/users\/1"}],"replies":[{"embeddable":true,"href":"https:\/\/fpedas.uniza.sk\/~pumbb\/wp-json\/wp\/v2\/comments?post=67"}],"version-history":[{"count":25,"href":"https:\/\/fpedas.uniza.sk\/~pumbb\/wp-json\/wp\/v2\/posts\/67\/revisions"}],"predecessor-version":[{"id":110,"href":"https:\/\/fpedas.uniza.sk\/~pumbb\/wp-json\/wp\/v2\/posts\/67\/revisions\/110"}],"wp:featuredmedia":[{"embeddable":true,"href":"https:\/\/fpedas.uniza.sk\/~pumbb\/wp-json\/wp\/v2\/media\/78"}],"wp:attachment":[{"href":"https:\/\/fpedas.uniza.sk\/~pumbb\/wp-json\/wp\/v2\/media?parent=67"}],"wp:term":[{"taxonomy":"category","embeddable":true,"href":"https:\/\/fpedas.uniza.sk\/~pumbb\/wp-json\/wp\/v2\/categories?post=67"},{"taxonomy":"post_tag","embeddable":true,"href":"https:\/\/fpedas.uniza.sk\/~pumbb\/wp-json\/wp\/v2\/tags?post=67"}],"curies":[{"name":"wp","href":"https:\/\/api.w.org\/{rel}","templated":true}]}}